{"id":3022,"date":"2022-02-04T10:37:55","date_gmt":"2022-02-04T09:37:55","guid":{"rendered":"https:\/\/native-s.com\/embajadores-del-pacto-climatico-tenemos-que-pasar-de-ser-solo-una-sociedad-sensibilizada-a-ser-una-con-criterio\/"},"modified":"2022-02-04T10:37:57","modified_gmt":"2022-02-04T09:37:57","slug":"embajadores-del-pacto-climatico-tenemos-que-pasar-de-ser-solo-una-sociedad-sensibilizada-a-ser-una-con-criterio","status":"publish","type":"post","link":"https:\/\/native-s.com\/fr\/embajadores-del-pacto-climatico-tenemos-que-pasar-de-ser-solo-una-sociedad-sensibilizada-a-ser-una-con-criterio\/","title":{"rendered":"Embajadores del Pacto Clim\u00e1tico: \u201cTenemos que pasar de ser solo una sociedad sensibilizada a ser una con criterio\u201d"},"content":{"rendered":"\n<p>Con motivo del D\u00eda Mundial de la Educaci\u00f3n Ambiental, hablamos con cuatro de los 70 embajadores espa\u00f1oles que trabajan en concienciar a la sociedad, y en particular la nueva generaci\u00f3n, sobre el cambio clim\u00e1tico y sus consecuencias<\/p>\n\n<div class=\"wp-block-image is-style-default\"><figure class=\"aligncenter is-resized\"><img fetchpriority=\"high\" decoding=\"async\" src=\"https:\/\/asebio.com\/sites\/default\/files\/styles\/md\/public\/2022-01\/mika-baumeister-bnuFRiQDYIM-unsplash.jpg?itok=P_CrUXL3\" alt=\"foto educacion ambiental\" width=\"551\" height=\"383\"\/><\/figure><\/div>\n\n<p>Por Agathe Cortes y Sof\u00eda Garro 25 de Enero de 2022 Proyectos EU<\/p>\n\n<p>Como muchas otras ni\u00f1as, Luc\u00eda Gonzalez so\u00f1aba con <strong>cambiar el mundo. <\/strong>Seg\u00fan fue creciendo, deseaba con todas sus fuerzas trabajar en una ONG. El curso de la vida llev\u00f3 a esa ni\u00f1a hacia otro camino, entre ciencias puras e ingenier\u00eda industrial, hasta acabar hoy siendo <strong><a href=\"https:\/\/asebio.com\/actualidad\/noticias\/asebio-apoya-el-acto-de-presentacion-de-los-65-embajadores-espanoles-del-pacto\" rel=\"noreferrer noopener\" target=\"_blank\">embajadora espa\u00f1ola del Pacto Clim\u00e1tico Europeo<\/a><\/strong> y creando <a href=\"https:\/\/native-s.com\/fr\/\" rel=\"noreferrer noopener\" target=\"_blank\">Natives<\/a>, una plataforma internacional que introduce como pilar esencial la sostenibilidad en la educaci\u00f3n. \u201cCon esta iniciativa [presente en 70 escuelas de 12 pa\u00edses de todo el mundo], me acerco m\u00e1s y m\u00e1s a mi sue\u00f1o\u201d, nos cuenta Luc\u00eda por videollamada.\u00a0<\/p>\n\n<p>Hay casi <strong>70 embajadores espa\u00f1oles en el Pacto Clim\u00e1tico que trabajan en sensibilizar y educar a la sociedad<\/strong> sobre uno de los mayores retos que tenemos actualmente: el <strong>cambio clim\u00e1tico.<\/strong> Lo que les motiva para ello es el poder aportar su \u201cgrano de arena\u201d, ser \u201cuna cara m\u00e1s de un cubo muy complejo\u201d y, sobre todo, su experiencia o la de otros referentes. \u00a0\u201cLos seres humanos funcionamos por inspiraciones. La proyecci\u00f3n entre nosotros es importante. <strong>El testimonio de una persona, su vivencia, es suficiente para movilizar a muchas otras<\/strong>\u201d, opina Luc\u00eda.<\/p>\n\n<p>Juan Luis Mu\u00f1oz, profesor desde 2016 y con particular inter\u00e9s en la crisis clim\u00e1tica, piensa lo mismo. Para \u00e9l, <strong>es crucial recurrir al aprendizaje por proyectos, experiencias y vivencias <\/strong>para que sus alumnos desarrollen su creatividad, motivaci\u00f3n y conciencia sobre lo que le est\u00e1 ocurriendo al planeta. \u201cEs importante que ellos sean protagonistas\u201d, a\u00f1ade. Metido en un proyecto Internacional sobre la Acci\u00f3n Clim\u00e1tica que re\u00fane a dos millones y medio de estudiantes de unos 115 pa\u00edses, Juan Luis tiene muy claro que es crucial buscar c<strong>olaboraciones, referentes y dotarnos de diferentes perspectivas.<\/strong> \u201c<strong>Este tema es muy transversal<\/strong>\u201d, afirma.\u00a0<\/p>\n\n<p>Seg\u00fan los embajadores, la urgencia clim\u00e1tica puede abordarse en otras disciplinas y <strong>formar parte de la educaci\u00f3n universal <\/strong>y no ser una rama m\u00e1s o un valor a\u00f1adido en un curr\u00edculo. \u201cCon mis alumnos adultos en clase de franc\u00e9s, por ejemplo, hemos hecho una carta de amor al planeta. Esas tambi\u00e9n son v\u00edas para integrar el problema y los 17 Objetivos de Desarrollo Sostenible en la mente de las personas\u201d, ejemplifica.\u00a0<\/p>\n\n<p>Ram\u00f3n Vila, fundador y propietario de Vision Communication, una agencia de comunicaci\u00f3n especializada en sensibilizar sobre temas de transformaci\u00f3n social, est\u00e1 de acuerdo: \u201cEs un trabajo de <em>hormigoneo<\/em> constante, y <strong>nuestra labor creo que deber\u00eda ser mostrar que cuidar del clima y del planeta en general no tiene por qu\u00e9 ser aburrido <\/strong>sino todo lo contrario y eso genera un bien com\u00fan superior\u201d.\u00a0<\/p>\n\n<h4 class=\"wp-block-heading\" id=\"los-proximos-actores-del-cambio\"><strong>Los pr\u00f3ximos actores del cambio<\/strong><\/h4>\n\n<p>La nueva generaci\u00f3n es el foco de los embajadores. Ellos parecen ser los actores del cambio que todo el mundo espera. \u201c<strong>Si no podemos hacer entender los retos del planeta a los j\u00f3venes, seguiremos repitiendo los mismos fallos<\/strong>\u201d, advierte Luc\u00eda. \u201cTendemos a poner etiquetas, pero la educaci\u00f3n es una y es \u00fanica. Tiene que ser integral y accesible a todos. Los alumnos tienen que ver, entender y experimentar, y solo a partir de ah\u00ed se podr\u00e1n cambiar las cosas\u201d, insiste.\u00a0<\/p>\n\n<p><strong>La importancia de la colaboraci\u00f3n <\/strong>vuelve en la conversaci\u00f3n varias veces. \u201cHay que <strong>conectar mucho m\u00e1s las escuelas con el mundo profesional<\/strong>, que los expertos entren e las aulas y se coordinen con los profesores. En definitiva, que la comunidad educativa sea m\u00e1s amplia y no solo entre los cuatro muros de la escuela, sin olvidar el criterio y la experiencia\u201d, propone la embajadora muy en l\u00ednea con el discurso y el m\u00e9todo educativo de Juan Luis.\u00a0<\/p>\n\n<figure class=\"wp-block-image\"><img decoding=\"async\" src=\"https:\/\/asebio.com\/sites\/default\/files\/inline-images\/embajadores%20foto%20conjunto.jpg\" alt=\"Embajadores\"\/><\/figure>\n\n<p>Ram\u00f3n conf\u00eda en que la percepci\u00f3n de la urgencia clim\u00e1tica seguir\u00e1 mejorando a lo largo de los pr\u00f3ximos a\u00f1os y que para que ocurra,<strong> la clave son las nuevas generaciones<\/strong> \u201cpor la sencilla raz\u00f3n de que tienen una consciencia clim\u00e1tica en general muy arraigada. Figuras como Greta Thunberg y otros <em>influencers<\/em> j\u00f3venes creo que han despertado inter\u00e9s en la juventud y, si no se trata de una moda pasajera, creo que lo l\u00f3gico es que la preocupaci\u00f3n por el clima sea un tema cada vez m\u00e1s extendido en la sociedad en general\u201d.\u00a0<\/p>\n\n<h4 class=\"wp-block-heading\" id=\"pequenas-acciones-pensando-a-lo-grande\"><strong>Peque\u00f1as acciones pensando a lo grande<\/strong><\/h4>\n\n<p>\u201c<em>Act local, think global<\/em>\u201d es un lema que los entrevistados defienden para impulsar el cambio en la sociedad. Todos est\u00e1n de acuerdo que para motivar a otras personas a seguir este camino es<strong> centr\u00e1ndose en lo cercano y tomar acciones sencillas<\/strong>. \u201cEso nos permitir\u00e1 m\u00e1s adelante detectar problemas mayores y recuperar la esperanza. Nos planteamos objetivos demasiado ambiciosos. Ser\u00eda deseable poder ir de lo cercano a lo lejano, de lo concreto a lo abstracto\u201d, comenta Leticia Gil, actualmente en la Consejer\u00eda de Educaci\u00f3n de Toledo.<\/p>\n\n<p>Para Ram\u00f3n, debemos priorizar el respeto por el medio ambiente. Desde peque\u00f1as cosas como no tirar una colilla al suelo o recoger todos los residuos que generamos en cualquier actividad, \u201chasta cosas m\u00e1s amplias c\u00f3mo crear una cultura empresarial respetuosa con el medio ambiente y que esto sea considerado un elemento clave a la hora de trabajar con una persona\/empresa u otra\u201d, propone.\u00a0<\/p>\n\n<p>\u201cMi carta de los Reyes Magos es que <strong>pasemos de ser una sociedad un poco m\u00e1s sensibilizada por el bombardeo medi\u00e1tico a tener criterio como ciudadanos y no caer en simplismos<\/strong>\u201d, concluye Luc\u00eda en harmon\u00eda con el resto de los entrevistados.\u00a0<\/p>\n\n<h4 class=\"wp-block-heading\" id=\"el-pacto-europeo-por-el-clima\"><strong>El Pacto Europeo por el Clima<\/strong><\/h4>\n\n<p>El Pacto Europeo por el Clima, como parte del Green Deal, es una iniciativa a escala de la Uni\u00f3n Europa que se puso en marcha en diciembre de 2020, que invita a las personas, comunidades y organizaciones a participar en la lucha contra el cambio clim\u00e1tico, en la transici\u00f3n ecol\u00f3gica y a construir una Europa m\u00e1s verde.<\/p>\n\n<p>Los embajadores del Pacto Europeo por el Clima son personas de trayectorias distintas y procedentes de todos los rincones de Europa comprometidas con la acci\u00f3n por el clima. Difunden, inspiran y apoyan la acci\u00f3n por el clima en sus comunidades y redes y son personas apasionadas que quieren cambiar las cosas.<\/p>\n\n<p>Como parte del <a href=\"https:\/\/asebio.com\/sites\/default\/files\/2021-10\/Biotech in the sustainable development goals.pdf\" rel=\"noreferrer noopener\" target=\"_blank\">compromiso de la biotecnolog\u00eda con la emergencia clim\u00e1tica y estando presente en 11 de los 17 ODS<\/a>, <strong>AseBio es el coordinador nacional del Pacto<\/strong> y cuenta con <a href=\"https:\/\/asebio.com\/actualidad\/noticias\/mas-de-160-biotech-espanolas-buscan-soluciones-para-conseguir-una-industria-mas\" rel=\"noreferrer noopener\" target=\"_blank\">m\u00e1s de 160 socios que trabajan en encontrar soluciones contra el cambio clim\u00e1tico.<\/a><\/p>\n\n<p><em>Foto 1: Mika Baumeister\/Unsplash.<\/em><\/p>\n\n<p><em>Foto 2: (de izquierda a derecha) Juan Luis, Leticia, Ram\u00f3n y Lucia<\/em><\/p>\n","protected":false},"excerpt":{"rendered":"<p>Con motivo del D\u00eda Mundial de la Educaci\u00f3n Ambiental, hablamos con cuatro de los 70 embajadores espa\u00f1oles que trabajan en concienciar a la sociedad, y [&hellip;]<\/p>\n","protected":false},"author":2,"featured_media":3016,"comment_status":"closed","ping_status":"closed","sticky":false,"template":"","format":"standard","meta":{"site-sidebar-layout":"default","site-content-layout":"","ast-site-content-layout":"","site-content-style":"default","site-sidebar-style":"default","ast-global-header-display":"","ast-banner-title-visibility":"","ast-main-header-display":"","ast-hfb-above-header-display":"","ast-hfb-below-header-display":"","ast-hfb-mobile-header-display":"","site-post-title":"","ast-breadcrumbs-content":"","ast-featured-img":"","footer-sml-layout":"","theme-transparent-header-meta":"","adv-header-id-meta":"","stick-header-meta":"","header-above-stick-meta":"","header-main-stick-meta":"","header-below-stick-meta":"","astra-migrate-meta-layouts":"default","ast-page-background-enabled":"default","ast-page-background-meta":{"desktop":{"background-color":"","background-image":"","background-repeat":"repeat","background-position":"center center","background-size":"auto","background-attachment":"scroll","background-type":"","background-media":"","overlay-type":"","overlay-color":"","overlay-opacity":"","overlay-gradient":""},"tablet":{"background-color":"","background-image":"","background-repeat":"repeat","background-position":"center center","background-size":"auto","background-attachment":"scroll","background-type":"","background-media":"","overlay-type":"","overlay-color":"","overlay-opacity":"","overlay-gradient":""},"mobile":{"background-color":"","background-image":"","background-repeat":"repeat","background-position":"center center","background-size":"auto","background-attachment":"scroll","background-type":"","background-media":"","overlay-type":"","overlay-color":"","overlay-opacity":"","overlay-gradient":""}},"ast-content-background-meta":{"desktop":{"background-color":"var(--ast-global-color-5)","background-image":"","background-repeat":"repeat","background-position":"center center","background-size":"auto","background-attachment":"scroll","background-type":"","background-media":"","overlay-type":"","overlay-color":"","overlay-opacity":"","overlay-gradient":""},"tablet":{"background-color":"var(--ast-global-color-5)","background-image":"","background-repeat":"repeat","background-position":"center center","background-size":"auto","background-attachment":"scroll","background-type":"","background-media":"","overlay-type":"","overlay-color":"","overlay-opacity":"","overlay-gradient":""},"mobile":{"background-color":"var(--ast-global-color-5)","background-image":"","background-repeat":"repeat","background-position":"center center","background-size":"auto","background-attachment":"scroll","background-type":"","background-media":"","overlay-type":"","overlay-color":"","overlay-opacity":"","overlay-gradient":""}},"footnotes":""},"categories":[5],"tags":[],"class_list":["post-3022","post","type-post","status-publish","format-standard","has-post-thumbnail","hentry","category-nouveautes"],"yoast_head":"<!-- This site is optimized with the Yoast SEO plugin v24.5 - https:\/\/yoast.com\/wordpress\/plugins\/seo\/ -->\n<title>Embajadores del Pacto Clim\u00e1tico: \u201cTenemos que pasar de ser solo una sociedad sensibilizada a ser una con criterio\u201d &#171; NATIVES<\/title>\n<meta name=\"robots\" content=\"index, follow, max-snippet:-1, max-image-preview:large, max-video-preview:-1\" \/>\n<link rel=\"canonical\" href=\"https:\/\/native-s.com\/fr\/embajadores-del-pacto-climatico-tenemos-que-pasar-de-ser-solo-una-sociedad-sensibilizada-a-ser-una-con-criterio\/\" \/>\n<meta property=\"og:locale\" content=\"fr_FR\" \/>\n<meta property=\"og:type\" content=\"article\" \/>\n<meta property=\"og:title\" content=\"Embajadores del Pacto Clim\u00e1tico: \u201cTenemos que pasar de ser solo una sociedad sensibilizada a ser una con criterio\u201d &#171; NATIVES\" \/>\n<meta property=\"og:description\" content=\"Con motivo del D\u00eda Mundial de la Educaci\u00f3n Ambiental, hablamos con cuatro de los 70 embajadores espa\u00f1oles que trabajan en concienciar a la sociedad, y [&hellip;]\" \/>\n<meta property=\"og:url\" content=\"https:\/\/native-s.com\/fr\/embajadores-del-pacto-climatico-tenemos-que-pasar-de-ser-solo-una-sociedad-sensibilizada-a-ser-una-con-criterio\/\" \/>\n<meta property=\"og:site_name\" content=\"NATIVES\" \/>\n<meta property=\"article:published_time\" content=\"2022-02-04T09:37:55+00:00\" \/>\n<meta property=\"article:modified_time\" content=\"2022-02-04T09:37:57+00:00\" \/>\n<meta property=\"og:image\" content=\"https:\/\/native-s.com\/wp-content\/uploads\/2022\/02\/asebio.jpg\" \/>\n\t<meta property=\"og:image:width\" content=\"735\" \/>\n\t<meta property=\"og:image:height\" content=\"511\" \/>\n\t<meta property=\"og:image:type\" content=\"image\/jpeg\" \/>\n<meta name=\"author\" content=\"S\u00e9bastien Dalmas\" \/>\n<meta name=\"twitter:card\" content=\"summary_large_image\" \/>\n<meta name=\"twitter:label1\" content=\"\u00c9crit par\" \/>\n\t<meta name=\"twitter:data1\" content=\"S\u00e9bastien Dalmas\" \/>\n\t<meta name=\"twitter:label2\" content=\"Dur\u00e9e de lecture estim\u00e9e\" \/>\n\t<meta name=\"twitter:data2\" content=\"6 minutes\" \/>\n<script type=\"application\/ld+json\" class=\"yoast-schema-graph\">{\"@context\":\"https:\/\/schema.org\",\"@graph\":[{\"@type\":\"Article\",\"@id\":\"https:\/\/native-s.com\/fr\/embajadores-del-pacto-climatico-tenemos-que-pasar-de-ser-solo-una-sociedad-sensibilizada-a-ser-una-con-criterio\/#article\",\"isPartOf\":{\"@id\":\"https:\/\/native-s.com\/fr\/embajadores-del-pacto-climatico-tenemos-que-pasar-de-ser-solo-una-sociedad-sensibilizada-a-ser-una-con-criterio\/\"},\"author\":{\"name\":\"S\u00e9bastien Dalmas\",\"@id\":\"https:\/\/native-s.com\/fr\/#\/schema\/person\/3e571709a1617f47ee966934aba15171\"},\"headline\":\"Embajadores del Pacto Clim\u00e1tico: \u201cTenemos que pasar de ser solo una sociedad sensibilizada a ser una con criterio\u201d\",\"datePublished\":\"2022-02-04T09:37:55+00:00\",\"dateModified\":\"2022-02-04T09:37:57+00:00\",\"mainEntityOfPage\":{\"@id\":\"https:\/\/native-s.com\/fr\/embajadores-del-pacto-climatico-tenemos-que-pasar-de-ser-solo-una-sociedad-sensibilizada-a-ser-una-con-criterio\/\"},\"wordCount\":1196,\"publisher\":{\"@id\":\"https:\/\/native-s.com\/fr\/#organization\"},\"image\":{\"@id\":\"https:\/\/native-s.com\/fr\/embajadores-del-pacto-climatico-tenemos-que-pasar-de-ser-solo-una-sociedad-sensibilizada-a-ser-una-con-criterio\/#primaryimage\"},\"thumbnailUrl\":\"https:\/\/native-s.com\/wp-content\/uploads\/2022\/02\/asebio.jpg\",\"articleSection\":[\"Nouveautes\"],\"inLanguage\":\"fr-FR\"},{\"@type\":\"WebPage\",\"@id\":\"https:\/\/native-s.com\/fr\/embajadores-del-pacto-climatico-tenemos-que-pasar-de-ser-solo-una-sociedad-sensibilizada-a-ser-una-con-criterio\/\",\"url\":\"https:\/\/native-s.com\/fr\/embajadores-del-pacto-climatico-tenemos-que-pasar-de-ser-solo-una-sociedad-sensibilizada-a-ser-una-con-criterio\/\",\"name\":\"Embajadores del Pacto Clim\u00e1tico: \u201cTenemos que pasar de ser solo una sociedad sensibilizada a ser una con criterio\u201d &#171; NATIVES\",\"isPartOf\":{\"@id\":\"https:\/\/native-s.com\/fr\/#website\"},\"primaryImageOfPage\":{\"@id\":\"https:\/\/native-s.com\/fr\/embajadores-del-pacto-climatico-tenemos-que-pasar-de-ser-solo-una-sociedad-sensibilizada-a-ser-una-con-criterio\/#primaryimage\"},\"image\":{\"@id\":\"https:\/\/native-s.com\/fr\/embajadores-del-pacto-climatico-tenemos-que-pasar-de-ser-solo-una-sociedad-sensibilizada-a-ser-una-con-criterio\/#primaryimage\"},\"thumbnailUrl\":\"https:\/\/native-s.com\/wp-content\/uploads\/2022\/02\/asebio.jpg\",\"datePublished\":\"2022-02-04T09:37:55+00:00\",\"dateModified\":\"2022-02-04T09:37:57+00:00\",\"breadcrumb\":{\"@id\":\"https:\/\/native-s.com\/fr\/embajadores-del-pacto-climatico-tenemos-que-pasar-de-ser-solo-una-sociedad-sensibilizada-a-ser-una-con-criterio\/#breadcrumb\"},\"inLanguage\":\"fr-FR\",\"potentialAction\":[{\"@type\":\"ReadAction\",\"target\":[\"https:\/\/native-s.com\/fr\/embajadores-del-pacto-climatico-tenemos-que-pasar-de-ser-solo-una-sociedad-sensibilizada-a-ser-una-con-criterio\/\"]}]},{\"@type\":\"ImageObject\",\"inLanguage\":\"fr-FR\",\"@id\":\"https:\/\/native-s.com\/fr\/embajadores-del-pacto-climatico-tenemos-que-pasar-de-ser-solo-una-sociedad-sensibilizada-a-ser-una-con-criterio\/#primaryimage\",\"url\":\"https:\/\/native-s.com\/wp-content\/uploads\/2022\/02\/asebio.jpg\",\"contentUrl\":\"https:\/\/native-s.com\/wp-content\/uploads\/2022\/02\/asebio.jpg\",\"width\":735,\"height\":511,\"caption\":\"Asebio\"},{\"@type\":\"BreadcrumbList\",\"@id\":\"https:\/\/native-s.com\/fr\/embajadores-del-pacto-climatico-tenemos-que-pasar-de-ser-solo-una-sociedad-sensibilizada-a-ser-una-con-criterio\/#breadcrumb\",\"itemListElement\":[{\"@type\":\"ListItem\",\"position\":1,\"name\":\"Portada\",\"item\":\"https:\/\/native-s.com\/fr\/\"},{\"@type\":\"ListItem\",\"position\":2,\"name\":\"Embajadores del Pacto Clim\u00e1tico: \u201cTenemos que pasar de ser solo una sociedad sensibilizada a ser una con criterio\u201d\"}]},{\"@type\":\"WebSite\",\"@id\":\"https:\/\/native-s.com\/fr\/#website\",\"url\":\"https:\/\/native-s.com\/fr\/\",\"name\":\"NATIVES\",\"description\":\"La Plataforma que permite a la Educaci\u00f3n cambiar el Mundo\",\"publisher\":{\"@id\":\"https:\/\/native-s.com\/fr\/#organization\"},\"potentialAction\":[{\"@type\":\"SearchAction\",\"target\":{\"@type\":\"EntryPoint\",\"urlTemplate\":\"https:\/\/native-s.com\/fr\/?s={search_term_string}\"},\"query-input\":{\"@type\":\"PropertyValueSpecification\",\"valueRequired\":true,\"valueName\":\"search_term_string\"}}],\"inLanguage\":\"fr-FR\"},{\"@type\":\"Organization\",\"@id\":\"https:\/\/native-s.com\/fr\/#organization\",\"name\":\"Native-S\",\"url\":\"https:\/\/native-s.com\/fr\/\",\"logo\":{\"@type\":\"ImageObject\",\"inLanguage\":\"fr-FR\",\"@id\":\"https:\/\/native-s.com\/fr\/#\/schema\/logo\/image\/\",\"url\":\"https:\/\/native-s.com\/wp-content\/uploads\/2020\/11\/natives-logo.png\",\"contentUrl\":\"https:\/\/native-s.com\/wp-content\/uploads\/2020\/11\/natives-logo.png\",\"width\":297,\"height\":75,\"caption\":\"Native-S\"},\"image\":{\"@id\":\"https:\/\/native-s.com\/fr\/#\/schema\/logo\/image\/\"}},{\"@type\":\"Person\",\"@id\":\"https:\/\/native-s.com\/fr\/#\/schema\/person\/3e571709a1617f47ee966934aba15171\",\"name\":\"S\u00e9bastien Dalmas\",\"image\":{\"@type\":\"ImageObject\",\"inLanguage\":\"fr-FR\",\"@id\":\"https:\/\/native-s.com\/fr\/#\/schema\/person\/image\/\",\"url\":\"https:\/\/secure.gravatar.com\/avatar\/9406111a8fd463cd07a62d229fecdc03?s=96&d=mm&r=g\",\"contentUrl\":\"https:\/\/secure.gravatar.com\/avatar\/9406111a8fd463cd07a62d229fecdc03?s=96&d=mm&r=g\",\"caption\":\"S\u00e9bastien Dalmas\"}}]}<\/script>\n<!-- \/ Yoast SEO plugin. -->","yoast_head_json":{"title":"Embajadores del Pacto Clim\u00e1tico: \u201cTenemos que pasar de ser solo una sociedad sensibilizada a ser una con criterio\u201d &#171; NATIVES","robots":{"index":"index","follow":"follow","max-snippet":"max-snippet:-1","max-image-preview":"max-image-preview:large","max-video-preview":"max-video-preview:-1"},"canonical":"https:\/\/native-s.com\/fr\/embajadores-del-pacto-climatico-tenemos-que-pasar-de-ser-solo-una-sociedad-sensibilizada-a-ser-una-con-criterio\/","og_locale":"fr_FR","og_type":"article","og_title":"Embajadores del Pacto Clim\u00e1tico: \u201cTenemos que pasar de ser solo una sociedad sensibilizada a ser una con criterio\u201d &#171; NATIVES","og_description":"Con motivo del D\u00eda Mundial de la Educaci\u00f3n Ambiental, hablamos con cuatro de los 70 embajadores espa\u00f1oles que trabajan en concienciar a la sociedad, y [&hellip;]","og_url":"https:\/\/native-s.com\/fr\/embajadores-del-pacto-climatico-tenemos-que-pasar-de-ser-solo-una-sociedad-sensibilizada-a-ser-una-con-criterio\/","og_site_name":"NATIVES","article_published_time":"2022-02-04T09:37:55+00:00","article_modified_time":"2022-02-04T09:37:57+00:00","og_image":[{"width":735,"height":511,"url":"https:\/\/native-s.com\/wp-content\/uploads\/2022\/02\/asebio.jpg","type":"image\/jpeg"}],"author":"S\u00e9bastien Dalmas","twitter_card":"summary_large_image","twitter_misc":{"\u00c9crit par":"S\u00e9bastien Dalmas","Dur\u00e9e de lecture estim\u00e9e":"6 minutes"},"schema":{"@context":"https:\/\/schema.org","@graph":[{"@type":"Article","@id":"https:\/\/native-s.com\/fr\/embajadores-del-pacto-climatico-tenemos-que-pasar-de-ser-solo-una-sociedad-sensibilizada-a-ser-una-con-criterio\/#article","isPartOf":{"@id":"https:\/\/native-s.com\/fr\/embajadores-del-pacto-climatico-tenemos-que-pasar-de-ser-solo-una-sociedad-sensibilizada-a-ser-una-con-criterio\/"},"author":{"name":"S\u00e9bastien Dalmas","@id":"https:\/\/native-s.com\/fr\/#\/schema\/person\/3e571709a1617f47ee966934aba15171"},"headline":"Embajadores del Pacto Clim\u00e1tico: \u201cTenemos que pasar de ser solo una sociedad sensibilizada a ser una con criterio\u201d","datePublished":"2022-02-04T09:37:55+00:00","dateModified":"2022-02-04T09:37:57+00:00","mainEntityOfPage":{"@id":"https:\/\/native-s.com\/fr\/embajadores-del-pacto-climatico-tenemos-que-pasar-de-ser-solo-una-sociedad-sensibilizada-a-ser-una-con-criterio\/"},"wordCount":1196,"publisher":{"@id":"https:\/\/native-s.com\/fr\/#organization"},"image":{"@id":"https:\/\/native-s.com\/fr\/embajadores-del-pacto-climatico-tenemos-que-pasar-de-ser-solo-una-sociedad-sensibilizada-a-ser-una-con-criterio\/#primaryimage"},"thumbnailUrl":"https:\/\/native-s.com\/wp-content\/uploads\/2022\/02\/asebio.jpg","articleSection":["Nouveautes"],"inLanguage":"fr-FR"},{"@type":"WebPage","@id":"https:\/\/native-s.com\/fr\/embajadores-del-pacto-climatico-tenemos-que-pasar-de-ser-solo-una-sociedad-sensibilizada-a-ser-una-con-criterio\/","url":"https:\/\/native-s.com\/fr\/embajadores-del-pacto-climatico-tenemos-que-pasar-de-ser-solo-una-sociedad-sensibilizada-a-ser-una-con-criterio\/","name":"Embajadores del Pacto Clim\u00e1tico: \u201cTenemos que pasar de ser solo una sociedad sensibilizada a ser una con criterio\u201d &#171; NATIVES","isPartOf":{"@id":"https:\/\/native-s.com\/fr\/#website"},"primaryImageOfPage":{"@id":"https:\/\/native-s.com\/fr\/embajadores-del-pacto-climatico-tenemos-que-pasar-de-ser-solo-una-sociedad-sensibilizada-a-ser-una-con-criterio\/#primaryimage"},"image":{"@id":"https:\/\/native-s.com\/fr\/embajadores-del-pacto-climatico-tenemos-que-pasar-de-ser-solo-una-sociedad-sensibilizada-a-ser-una-con-criterio\/#primaryimage"},"thumbnailUrl":"https:\/\/native-s.com\/wp-content\/uploads\/2022\/02\/asebio.jpg","datePublished":"2022-02-04T09:37:55+00:00","dateModified":"2022-02-04T09:37:57+00:00","breadcrumb":{"@id":"https:\/\/native-s.com\/fr\/embajadores-del-pacto-climatico-tenemos-que-pasar-de-ser-solo-una-sociedad-sensibilizada-a-ser-una-con-criterio\/#breadcrumb"},"inLanguage":"fr-FR","potentialAction":[{"@type":"ReadAction","target":["https:\/\/native-s.com\/fr\/embajadores-del-pacto-climatico-tenemos-que-pasar-de-ser-solo-una-sociedad-sensibilizada-a-ser-una-con-criterio\/"]}]},{"@type":"ImageObject","inLanguage":"fr-FR","@id":"https:\/\/native-s.com\/fr\/embajadores-del-pacto-climatico-tenemos-que-pasar-de-ser-solo-una-sociedad-sensibilizada-a-ser-una-con-criterio\/#primaryimage","url":"https:\/\/native-s.com\/wp-content\/uploads\/2022\/02\/asebio.jpg","contentUrl":"https:\/\/native-s.com\/wp-content\/uploads\/2022\/02\/asebio.jpg","width":735,"height":511,"caption":"Asebio"},{"@type":"BreadcrumbList","@id":"https:\/\/native-s.com\/fr\/embajadores-del-pacto-climatico-tenemos-que-pasar-de-ser-solo-una-sociedad-sensibilizada-a-ser-una-con-criterio\/#breadcrumb","itemListElement":[{"@type":"ListItem","position":1,"name":"Portada","item":"https:\/\/native-s.com\/fr\/"},{"@type":"ListItem","position":2,"name":"Embajadores del Pacto Clim\u00e1tico: \u201cTenemos que pasar de ser solo una sociedad sensibilizada a ser una con criterio\u201d"}]},{"@type":"WebSite","@id":"https:\/\/native-s.com\/fr\/#website","url":"https:\/\/native-s.com\/fr\/","name":"NATIVES","description":"La Plataforma que permite a la Educaci\u00f3n cambiar el Mundo","publisher":{"@id":"https:\/\/native-s.com\/fr\/#organization"},"potentialAction":[{"@type":"SearchAction","target":{"@type":"EntryPoint","urlTemplate":"https:\/\/native-s.com\/fr\/?s={search_term_string}"},"query-input":{"@type":"PropertyValueSpecification","valueRequired":true,"valueName":"search_term_string"}}],"inLanguage":"fr-FR"},{"@type":"Organization","@id":"https:\/\/native-s.com\/fr\/#organization","name":"Native-S","url":"https:\/\/native-s.com\/fr\/","logo":{"@type":"ImageObject","inLanguage":"fr-FR","@id":"https:\/\/native-s.com\/fr\/#\/schema\/logo\/image\/","url":"https:\/\/native-s.com\/wp-content\/uploads\/2020\/11\/natives-logo.png","contentUrl":"https:\/\/native-s.com\/wp-content\/uploads\/2020\/11\/natives-logo.png","width":297,"height":75,"caption":"Native-S"},"image":{"@id":"https:\/\/native-s.com\/fr\/#\/schema\/logo\/image\/"}},{"@type":"Person","@id":"https:\/\/native-s.com\/fr\/#\/schema\/person\/3e571709a1617f47ee966934aba15171","name":"S\u00e9bastien Dalmas","image":{"@type":"ImageObject","inLanguage":"fr-FR","@id":"https:\/\/native-s.com\/fr\/#\/schema\/person\/image\/","url":"https:\/\/secure.gravatar.com\/avatar\/9406111a8fd463cd07a62d229fecdc03?s=96&d=mm&r=g","contentUrl":"https:\/\/secure.gravatar.com\/avatar\/9406111a8fd463cd07a62d229fecdc03?s=96&d=mm&r=g","caption":"S\u00e9bastien Dalmas"}}]}},"_links":{"self":[{"href":"https:\/\/native-s.com\/fr\/wp-json\/wp\/v2\/posts\/3022","targetHints":{"allow":["GET"]}}],"collection":[{"href":"https:\/\/native-s.com\/fr\/wp-json\/wp\/v2\/posts"}],"about":[{"href":"https:\/\/native-s.com\/fr\/wp-json\/wp\/v2\/types\/post"}],"author":[{"embeddable":true,"href":"https:\/\/native-s.com\/fr\/wp-json\/wp\/v2\/users\/2"}],"replies":[{"embeddable":true,"href":"https:\/\/native-s.com\/fr\/wp-json\/wp\/v2\/comments?post=3022"}],"version-history":[{"count":3,"href":"https:\/\/native-s.com\/fr\/wp-json\/wp\/v2\/posts\/3022\/revisions"}],"predecessor-version":[{"id":3025,"href":"https:\/\/native-s.com\/fr\/wp-json\/wp\/v2\/posts\/3022\/revisions\/3025"}],"wp:featuredmedia":[{"embeddable":true,"href":"https:\/\/native-s.com\/fr\/wp-json\/wp\/v2\/media\/3016"}],"wp:attachment":[{"href":"https:\/\/native-s.com\/fr\/wp-json\/wp\/v2\/media?parent=3022"}],"wp:term":[{"taxonomy":"category","embeddable":true,"href":"https:\/\/native-s.com\/fr\/wp-json\/wp\/v2\/categories?post=3022"},{"taxonomy":"post_tag","embeddable":true,"href":"https:\/\/native-s.com\/fr\/wp-json\/wp\/v2\/tags?post=3022"}],"curies":[{"name":"wp","href":"https:\/\/api.w.org\/{rel}","templated":true}]}}