{"id":2382,"date":"2021-06-03T18:52:42","date_gmt":"2021-06-03T16:52:42","guid":{"rendered":"https:\/\/native-s.com\/grande-finale-et-remise-des-prix-du-nazaret-cuida-challenge-edition-2021\/"},"modified":"2021-06-03T18:54:29","modified_gmt":"2021-06-03T16:54:29","slug":"grande-finale-et-remise-des-prix-du-nazaret-cuida-challenge-edition-2021","status":"publish","type":"post","link":"https:\/\/native-s.com\/fr\/grande-finale-et-remise-des-prix-du-nazaret-cuida-challenge-edition-2021\/","title":{"rendered":"Grande finale et remise des prix du Nazaret Cuida Challenge Edition 2021"},"content":{"rendered":"\t\t<div data-elementor-type=\"wp-post\" data-elementor-id=\"2382\" class=\"elementor elementor-2382 elementor-2367\" data-elementor-post-type=\"post\">\n\t\t\t\t\t\t<section class=\"elementor-section elementor-top-section elementor-element elementor-element-69a2eed elementor-section-boxed elementor-section-height-default elementor-section-height-default\" data-id=\"69a2eed\" data-element_type=\"section\">\n\t\t\t\t\t\t<div class=\"elementor-container elementor-column-gap-default\">\n\t\t\t\t\t<div class=\"elementor-column elementor-col-100 elementor-top-column elementor-element elementor-element-036a2a6\" data-id=\"036a2a6\" data-element_type=\"column\">\n\t\t\t<div class=\"elementor-widget-wrap elementor-element-populated\">\n\t\t\t\t\t\t<div class=\"elementor-element elementor-element-13558db elementor-widget elementor-widget-text-editor\" data-id=\"13558db\" data-element_type=\"widget\" data-widget_type=\"text-editor.default\">\n\t\t\t\t<div class=\"elementor-widget-container\">\n\t\t\t\t\t\t\t\t\t<p>La finale et la c\u00e9r\u00e9monie de remise des prix du Nazaret Cuida Challenge Edition 2021 ont eu lieu le 14 mai dernier. <\/p>\n<p>Des participants de tous \u00e2ges issus des quatre coins du monde ont crev\u00e9 l\u2019\u00e9cran en nous partageant leurs sourires, leur joie, leur enthousiasme, leur d\u00e9termination et leur espoir de construire un monde meilleur pour tous et pour toutes<\/p>\n\t\t\t\t\t\t\t\t<\/div>\n\t\t\t\t<\/div>\n\t\t\t\t\t<\/div>\n\t\t<\/div>\n\t\t\t\t\t<\/div>\n\t\t<\/section>\n\t\t\t\t<section class=\"elementor-section elementor-top-section elementor-element elementor-element-8340801 elementor-section-boxed elementor-section-height-default elementor-section-height-default\" data-id=\"8340801\" data-element_type=\"section\">\n\t\t\t\t\t\t<div class=\"elementor-container elementor-column-gap-default\">\n\t\t\t\t\t<div class=\"elementor-column elementor-col-100 elementor-top-column elementor-element elementor-element-9d1e39c\" data-id=\"9d1e39c\" data-element_type=\"column\">\n\t\t\t<div class=\"elementor-widget-wrap elementor-element-populated\">\n\t\t\t\t\t\t<div class=\"elementor-element elementor-element-ec2154c elementor-widget elementor-widget-image\" data-id=\"ec2154c\" data-element_type=\"widget\" data-widget_type=\"image.default\">\n\t\t\t\t<div class=\"elementor-widget-container\">\n\t\t\t\t\t\t\t\t\t\t\t\t\t\t\t<img fetchpriority=\"high\" decoding=\"async\" width=\"608\" height=\"456\" src=\"https:\/\/native-s.com\/wp-content\/uploads\/2021\/06\/evento-final-de-entrega-de-premios-de-la-edicion-2021-d-1.png\" class=\"attachment-large size-large wp-image-2374\" alt=\"Grande finale et remise des prix du Nazaret Cuida Challenge Edition 2021\" srcset=\"https:\/\/native-s.com\/wp-content\/uploads\/2021\/06\/evento-final-de-entrega-de-premios-de-la-edicion-2021-d-1.png 608w, https:\/\/native-s.com\/wp-content\/uploads\/2021\/06\/evento-final-de-entrega-de-premios-de-la-edicion-2021-d-1-300x225.png 300w\" sizes=\"(max-width: 608px) 100vw, 608px\" \/>\t\t\t\t\t\t\t\t\t\t\t\t\t\t\t<\/div>\n\t\t\t\t<\/div>\n\t\t\t\t\t<\/div>\n\t\t<\/div>\n\t\t\t\t\t<\/div>\n\t\t<\/section>\n\t\t\t\t<section class=\"elementor-section elementor-top-section elementor-element elementor-element-b18bf11 elementor-section-boxed elementor-section-height-default elementor-section-height-default\" data-id=\"b18bf11\" data-element_type=\"section\">\n\t\t\t\t\t\t<div class=\"elementor-container elementor-column-gap-default\">\n\t\t\t\t\t<div class=\"elementor-column elementor-col-100 elementor-top-column elementor-element elementor-element-940880f\" data-id=\"940880f\" data-element_type=\"column\">\n\t\t\t<div class=\"elementor-widget-wrap elementor-element-populated\">\n\t\t\t\t\t\t<div class=\"elementor-element elementor-element-4a343d0 elementor-widget elementor-widget-text-editor\" data-id=\"4a343d0\" data-element_type=\"widget\" data-widget_type=\"text-editor.default\">\n\t\t\t\t<div class=\"elementor-widget-container\">\n\t\t\t\t\t\t\t\t\t<p>Nos chers sponsors (la Fondation Quadpack, Nechi Group et Celsa Group) ont annonc\u00e9 les trois gagnants et d\u00e9montr\u00e9 leur engagement pour soutenir et accompagner les jeunes g\u00e9n\u00e9rations. <\/p>\n\t\t\t\t\t\t\t\t<\/div>\n\t\t\t\t<\/div>\n\t\t\t\t\t<\/div>\n\t\t<\/div>\n\t\t\t\t\t<\/div>\n\t\t<\/section>\n\t\t\t\t<section class=\"elementor-section elementor-top-section elementor-element elementor-element-34862c8 elementor-section-boxed elementor-section-height-default elementor-section-height-default\" data-id=\"34862c8\" data-element_type=\"section\">\n\t\t\t\t\t\t<div class=\"elementor-container elementor-column-gap-default\">\n\t\t\t\t\t<div class=\"elementor-column elementor-col-100 elementor-top-column elementor-element elementor-element-5e8716e\" data-id=\"5e8716e\" data-element_type=\"column\">\n\t\t\t<div class=\"elementor-widget-wrap elementor-element-populated\">\n\t\t\t\t\t\t<div class=\"elementor-element elementor-element-e6664e6 elementor-widget elementor-widget-image\" data-id=\"e6664e6\" data-element_type=\"widget\" data-widget_type=\"image.default\">\n\t\t\t\t<div class=\"elementor-widget-container\">\n\t\t\t\t\t\t\t\t\t\t\t\t\t\t\t<img decoding=\"async\" width=\"572\" height=\"429\" src=\"https:\/\/native-s.com\/wp-content\/uploads\/2021\/06\/evento-final-de-entrega-de-premios-de-la-edicion-2021-d.png\" class=\"attachment-large size-large wp-image-2371\" alt=\"Grande finale et remise des prix du Nazaret Cuida Challenge Edition 2021\" srcset=\"https:\/\/native-s.com\/wp-content\/uploads\/2021\/06\/evento-final-de-entrega-de-premios-de-la-edicion-2021-d.png 572w, https:\/\/native-s.com\/wp-content\/uploads\/2021\/06\/evento-final-de-entrega-de-premios-de-la-edicion-2021-d-300x225.png 300w\" sizes=\"(max-width: 572px) 100vw, 572px\" \/>\t\t\t\t\t\t\t\t\t\t\t\t\t\t\t<\/div>\n\t\t\t\t<\/div>\n\t\t\t\t\t<\/div>\n\t\t<\/div>\n\t\t\t\t\t<\/div>\n\t\t<\/section>\n\t\t\t\t<section class=\"elementor-section elementor-top-section elementor-element elementor-element-cdd2826 elementor-section-boxed elementor-section-height-default elementor-section-height-default\" data-id=\"cdd2826\" data-element_type=\"section\">\n\t\t\t\t\t\t<div class=\"elementor-container elementor-column-gap-default\">\n\t\t\t\t\t<div class=\"elementor-column elementor-col-100 elementor-top-column elementor-element elementor-element-bef9f29\" data-id=\"bef9f29\" data-element_type=\"column\">\n\t\t\t<div class=\"elementor-widget-wrap elementor-element-populated\">\n\t\t\t\t\t\t<div class=\"elementor-element elementor-element-bb3a2b5 elementor-widget elementor-widget-text-editor\" data-id=\"bb3a2b5\" data-element_type=\"widget\" data-widget_type=\"text-editor.default\">\n\t\t\t\t<div class=\"elementor-widget-container\">\n\t\t\t\t\t\t\t\t\t<p>Voici les trois vainqueurs de cette premi\u00e8re \u00e9dition :<\/p><p>&#8211; 1er : Nazaret Nkozoa (Cameroun) et son projet Consumimos los que Producimos (\u00ab Nous consommons ce que nous produisons \u00bb)<br \/>&#8211; 2e : Nazaret Realejos (Santa Cruz de Tenerife, Espagne) et son projet Play it to Live it (\u00ab Joue-le, vis-le \u00bb)<br \/>&#8211; 3e : Le centre \u00e9ducatif Sagrada Familia de Nazaret (Colombie), et son projet Todo marcha sobre Ruedas (\u00ab Tout roule \u00bb)<\/p><p>Nos 16 candidats ont plac\u00e9 la barre tr\u00e8s haut ! Vous pouvez les rencontrer dans la vid\u00e9o suivante : <a href=\"https:\/\/youtu.be\/ZM6IbWblRHY\">https:\/\/youtu.be\/ZM6IbWblRHY<\/a><\/p><p>Soyez nombreux \u00e0 assister \u00e0 la prochaine \u00e9dition d\u00e9di\u00e9e aux \u00e9coles NATIVES !!!<\/p>\t\t\t\t\t\t\t\t<\/div>\n\t\t\t\t<\/div>\n\t\t\t\t\t<\/div>\n\t\t<\/div>\n\t\t\t\t\t<\/div>\n\t\t<\/section>\n\t\t\t\t<\/div>\n\t\t","protected":false},"excerpt":{"rendered":"<p>La finale et la c\u00e9r\u00e9monie de remise des prix du Nazaret Cuida Challenge Edition 2021 ont eu lieu le 14 mai dernier. Des participants de [&hellip;]<\/p>\n","protected":false},"author":2,"featured_media":2374,"comment_status":"closed","ping_status":"closed","sticky":false,"template":"","format":"standard","meta":{"site-sidebar-layout":"default","site-content-layout":"default","ast-site-content-layout":"","site-content-style":"default","site-sidebar-style":"default","ast-global-header-display":"","ast-banner-title-visibility":"","ast-main-header-display":"","ast-hfb-above-header-display":"","ast-hfb-below-header-display":"","ast-hfb-mobile-header-display":"","site-post-title":"","ast-breadcrumbs-content":"","ast-featured-img":"","footer-sml-layout":"","theme-transparent-header-meta":"default","adv-header-id-meta":"","stick-header-meta":"","header-above-stick-meta":"","header-main-stick-meta":"","header-below-stick-meta":"","astra-migrate-meta-layouts":"default","ast-page-background-enabled":"default","ast-page-background-meta":{"desktop":{"background-color":"","background-image":"","background-repeat":"repeat","background-position":"center center","background-size":"auto","background-attachment":"scroll","background-type":"","background-media":"","overlay-type":"","overlay-color":"","overlay-opacity":"","overlay-gradient":""},"tablet":{"background-color":"","background-image":"","background-repeat":"repeat","background-position":"center center","background-size":"auto","background-attachment":"scroll","background-type":"","background-media":"","overlay-type":"","overlay-color":"","overlay-opacity":"","overlay-gradient":""},"mobile":{"background-color":"","background-image":"","background-repeat":"repeat","background-position":"center center","background-size":"auto","background-attachment":"scroll","background-type":"","background-media":"","overlay-type":"","overlay-color":"","overlay-opacity":"","overlay-gradient":""}},"ast-content-background-meta":{"desktop":{"background-color":"var(--ast-global-color-5)","background-image":"","background-repeat":"repeat","background-position":"center center","background-size":"auto","background-attachment":"scroll","background-type":"","background-media":"","overlay-type":"","overlay-color":"","overlay-opacity":"","overlay-gradient":""},"tablet":{"background-color":"var(--ast-global-color-5)","background-image":"","background-repeat":"repeat","background-position":"center center","background-size":"auto","background-attachment":"scroll","background-type":"","background-media":"","overlay-type":"","overlay-color":"","overlay-opacity":"","overlay-gradient":""},"mobile":{"background-color":"var(--ast-global-color-5)","background-image":"","background-repeat":"repeat","background-position":"center center","background-size":"auto","background-attachment":"scroll","background-type":"","background-media":"","overlay-type":"","overlay-color":"","overlay-opacity":"","overlay-gradient":""}},"footnotes":""},"categories":[5],"tags":[],"class_list":["post-2382","post","type-post","status-publish","format-standard","has-post-thumbnail","hentry","category-nouveautes"],"yoast_head":"<!-- This site is optimized with the Yoast SEO plugin v24.5 - https:\/\/yoast.com\/wordpress\/plugins\/seo\/ -->\n<title>Grande finale et remise des prix du Nazaret Cuida Challenge Edition 2021 &#171; NATIVES<\/title>\n<meta name=\"robots\" content=\"index, follow, max-snippet:-1, max-image-preview:large, max-video-preview:-1\" \/>\n<link rel=\"canonical\" href=\"https:\/\/native-s.com\/fr\/grande-finale-et-remise-des-prix-du-nazaret-cuida-challenge-edition-2021\/\" \/>\n<meta property=\"og:locale\" content=\"fr_FR\" \/>\n<meta property=\"og:type\" content=\"article\" \/>\n<meta property=\"og:title\" content=\"Grande finale et remise des prix du Nazaret Cuida Challenge Edition 2021 &#171; NATIVES\" \/>\n<meta property=\"og:description\" content=\"La finale et la c\u00e9r\u00e9monie de remise des prix du Nazaret Cuida Challenge Edition 2021 ont eu lieu le 14 mai dernier. Des participants de [&hellip;]\" \/>\n<meta property=\"og:url\" content=\"https:\/\/native-s.com\/fr\/grande-finale-et-remise-des-prix-du-nazaret-cuida-challenge-edition-2021\/\" \/>\n<meta property=\"og:site_name\" content=\"NATIVES\" \/>\n<meta property=\"article:published_time\" content=\"2021-06-03T16:52:42+00:00\" \/>\n<meta property=\"article:modified_time\" content=\"2021-06-03T16:54:29+00:00\" \/>\n<meta property=\"og:image\" content=\"https:\/\/native-s.com\/wp-content\/uploads\/2021\/06\/evento-final-de-entrega-de-premios-de-la-edicion-2021-d-1.png\" \/>\n\t<meta property=\"og:image:width\" content=\"608\" \/>\n\t<meta property=\"og:image:height\" content=\"456\" \/>\n\t<meta property=\"og:image:type\" content=\"image\/png\" \/>\n<meta name=\"author\" content=\"S\u00e9bastien Dalmas\" \/>\n<meta name=\"twitter:card\" content=\"summary_large_image\" \/>\n<meta name=\"twitter:label1\" content=\"\u00c9crit par\" \/>\n\t<meta name=\"twitter:data1\" content=\"S\u00e9bastien Dalmas\" \/>\n\t<meta name=\"twitter:label2\" content=\"Dur\u00e9e de lecture estim\u00e9e\" \/>\n\t<meta name=\"twitter:data2\" content=\"2 minutes\" \/>\n<script type=\"application\/ld+json\" class=\"yoast-schema-graph\">{\"@context\":\"https:\/\/schema.org\",\"@graph\":[{\"@type\":\"Article\",\"@id\":\"https:\/\/native-s.com\/fr\/grande-finale-et-remise-des-prix-du-nazaret-cuida-challenge-edition-2021\/#article\",\"isPartOf\":{\"@id\":\"https:\/\/native-s.com\/fr\/grande-finale-et-remise-des-prix-du-nazaret-cuida-challenge-edition-2021\/\"},\"author\":{\"name\":\"S\u00e9bastien Dalmas\",\"@id\":\"https:\/\/native-s.com\/fr\/#\/schema\/person\/3e571709a1617f47ee966934aba15171\"},\"headline\":\"Grande finale et remise des prix du Nazaret Cuida Challenge Edition 2021\",\"datePublished\":\"2021-06-03T16:52:42+00:00\",\"dateModified\":\"2021-06-03T16:54:29+00:00\",\"mainEntityOfPage\":{\"@id\":\"https:\/\/native-s.com\/fr\/grande-finale-et-remise-des-prix-du-nazaret-cuida-challenge-edition-2021\/\"},\"wordCount\":203,\"publisher\":{\"@id\":\"https:\/\/native-s.com\/fr\/#organization\"},\"image\":{\"@id\":\"https:\/\/native-s.com\/fr\/grande-finale-et-remise-des-prix-du-nazaret-cuida-challenge-edition-2021\/#primaryimage\"},\"thumbnailUrl\":\"https:\/\/native-s.com\/wp-content\/uploads\/2021\/06\/evento-final-de-entrega-de-premios-de-la-edicion-2021-d-1.png\",\"articleSection\":[\"Nouveautes\"],\"inLanguage\":\"fr-FR\"},{\"@type\":\"WebPage\",\"@id\":\"https:\/\/native-s.com\/fr\/grande-finale-et-remise-des-prix-du-nazaret-cuida-challenge-edition-2021\/\",\"url\":\"https:\/\/native-s.com\/fr\/grande-finale-et-remise-des-prix-du-nazaret-cuida-challenge-edition-2021\/\",\"name\":\"Grande finale et remise des prix du Nazaret Cuida Challenge Edition 2021 &#171; NATIVES\",\"isPartOf\":{\"@id\":\"https:\/\/native-s.com\/fr\/#website\"},\"primaryImageOfPage\":{\"@id\":\"https:\/\/native-s.com\/fr\/grande-finale-et-remise-des-prix-du-nazaret-cuida-challenge-edition-2021\/#primaryimage\"},\"image\":{\"@id\":\"https:\/\/native-s.com\/fr\/grande-finale-et-remise-des-prix-du-nazaret-cuida-challenge-edition-2021\/#primaryimage\"},\"thumbnailUrl\":\"https:\/\/native-s.com\/wp-content\/uploads\/2021\/06\/evento-final-de-entrega-de-premios-de-la-edicion-2021-d-1.png\",\"datePublished\":\"2021-06-03T16:52:42+00:00\",\"dateModified\":\"2021-06-03T16:54:29+00:00\",\"breadcrumb\":{\"@id\":\"https:\/\/native-s.com\/fr\/grande-finale-et-remise-des-prix-du-nazaret-cuida-challenge-edition-2021\/#breadcrumb\"},\"inLanguage\":\"fr-FR\",\"potentialAction\":[{\"@type\":\"ReadAction\",\"target\":[\"https:\/\/native-s.com\/fr\/grande-finale-et-remise-des-prix-du-nazaret-cuida-challenge-edition-2021\/\"]}]},{\"@type\":\"ImageObject\",\"inLanguage\":\"fr-FR\",\"@id\":\"https:\/\/native-s.com\/fr\/grande-finale-et-remise-des-prix-du-nazaret-cuida-challenge-edition-2021\/#primaryimage\",\"url\":\"https:\/\/native-s.com\/wp-content\/uploads\/2021\/06\/evento-final-de-entrega-de-premios-de-la-edicion-2021-d-1.png\",\"contentUrl\":\"https:\/\/native-s.com\/wp-content\/uploads\/2021\/06\/evento-final-de-entrega-de-premios-de-la-edicion-2021-d-1.png\",\"width\":608,\"height\":456,\"caption\":\"Grande finale et remise des prix du Nazaret Cuida Challenge Edition 2021\"},{\"@type\":\"BreadcrumbList\",\"@id\":\"https:\/\/native-s.com\/fr\/grande-finale-et-remise-des-prix-du-nazaret-cuida-challenge-edition-2021\/#breadcrumb\",\"itemListElement\":[{\"@type\":\"ListItem\",\"position\":1,\"name\":\"Portada\",\"item\":\"https:\/\/native-s.com\/fr\/\"},{\"@type\":\"ListItem\",\"position\":2,\"name\":\"Grande finale et remise des prix du Nazaret Cuida Challenge Edition 2021\"}]},{\"@type\":\"WebSite\",\"@id\":\"https:\/\/native-s.com\/fr\/#website\",\"url\":\"https:\/\/native-s.com\/fr\/\",\"name\":\"NATIVES\",\"description\":\"La Plataforma que permite a la Educaci\u00f3n cambiar el Mundo\",\"publisher\":{\"@id\":\"https:\/\/native-s.com\/fr\/#organization\"},\"potentialAction\":[{\"@type\":\"SearchAction\",\"target\":{\"@type\":\"EntryPoint\",\"urlTemplate\":\"https:\/\/native-s.com\/fr\/?s={search_term_string}\"},\"query-input\":{\"@type\":\"PropertyValueSpecification\",\"valueRequired\":true,\"valueName\":\"search_term_string\"}}],\"inLanguage\":\"fr-FR\"},{\"@type\":\"Organization\",\"@id\":\"https:\/\/native-s.com\/fr\/#organization\",\"name\":\"Native-S\",\"url\":\"https:\/\/native-s.com\/fr\/\",\"logo\":{\"@type\":\"ImageObject\",\"inLanguage\":\"fr-FR\",\"@id\":\"https:\/\/native-s.com\/fr\/#\/schema\/logo\/image\/\",\"url\":\"https:\/\/native-s.com\/wp-content\/uploads\/2020\/11\/natives-logo.png\",\"contentUrl\":\"https:\/\/native-s.com\/wp-content\/uploads\/2020\/11\/natives-logo.png\",\"width\":297,\"height\":75,\"caption\":\"Native-S\"},\"image\":{\"@id\":\"https:\/\/native-s.com\/fr\/#\/schema\/logo\/image\/\"}},{\"@type\":\"Person\",\"@id\":\"https:\/\/native-s.com\/fr\/#\/schema\/person\/3e571709a1617f47ee966934aba15171\",\"name\":\"S\u00e9bastien Dalmas\",\"image\":{\"@type\":\"ImageObject\",\"inLanguage\":\"fr-FR\",\"@id\":\"https:\/\/native-s.com\/fr\/#\/schema\/person\/image\/\",\"url\":\"https:\/\/secure.gravatar.com\/avatar\/9406111a8fd463cd07a62d229fecdc03?s=96&d=mm&r=g\",\"contentUrl\":\"https:\/\/secure.gravatar.com\/avatar\/9406111a8fd463cd07a62d229fecdc03?s=96&d=mm&r=g\",\"caption\":\"S\u00e9bastien Dalmas\"}}]}<\/script>\n<!-- \/ Yoast SEO plugin. -->","yoast_head_json":{"title":"Grande finale et remise des prix du Nazaret Cuida Challenge Edition 2021 &#171; NATIVES","robots":{"index":"index","follow":"follow","max-snippet":"max-snippet:-1","max-image-preview":"max-image-preview:large","max-video-preview":"max-video-preview:-1"},"canonical":"https:\/\/native-s.com\/fr\/grande-finale-et-remise-des-prix-du-nazaret-cuida-challenge-edition-2021\/","og_locale":"fr_FR","og_type":"article","og_title":"Grande finale et remise des prix du Nazaret Cuida Challenge Edition 2021 &#171; NATIVES","og_description":"La finale et la c\u00e9r\u00e9monie de remise des prix du Nazaret Cuida Challenge Edition 2021 ont eu lieu le 14 mai dernier. Des participants de [&hellip;]","og_url":"https:\/\/native-s.com\/fr\/grande-finale-et-remise-des-prix-du-nazaret-cuida-challenge-edition-2021\/","og_site_name":"NATIVES","article_published_time":"2021-06-03T16:52:42+00:00","article_modified_time":"2021-06-03T16:54:29+00:00","og_image":[{"width":608,"height":456,"url":"https:\/\/native-s.com\/wp-content\/uploads\/2021\/06\/evento-final-de-entrega-de-premios-de-la-edicion-2021-d-1.png","type":"image\/png"}],"author":"S\u00e9bastien Dalmas","twitter_card":"summary_large_image","twitter_misc":{"\u00c9crit par":"S\u00e9bastien Dalmas","Dur\u00e9e de lecture estim\u00e9e":"2 minutes"},"schema":{"@context":"https:\/\/schema.org","@graph":[{"@type":"Article","@id":"https:\/\/native-s.com\/fr\/grande-finale-et-remise-des-prix-du-nazaret-cuida-challenge-edition-2021\/#article","isPartOf":{"@id":"https:\/\/native-s.com\/fr\/grande-finale-et-remise-des-prix-du-nazaret-cuida-challenge-edition-2021\/"},"author":{"name":"S\u00e9bastien Dalmas","@id":"https:\/\/native-s.com\/fr\/#\/schema\/person\/3e571709a1617f47ee966934aba15171"},"headline":"Grande finale et remise des prix du Nazaret Cuida Challenge Edition 2021","datePublished":"2021-06-03T16:52:42+00:00","dateModified":"2021-06-03T16:54:29+00:00","mainEntityOfPage":{"@id":"https:\/\/native-s.com\/fr\/grande-finale-et-remise-des-prix-du-nazaret-cuida-challenge-edition-2021\/"},"wordCount":203,"publisher":{"@id":"https:\/\/native-s.com\/fr\/#organization"},"image":{"@id":"https:\/\/native-s.com\/fr\/grande-finale-et-remise-des-prix-du-nazaret-cuida-challenge-edition-2021\/#primaryimage"},"thumbnailUrl":"https:\/\/native-s.com\/wp-content\/uploads\/2021\/06\/evento-final-de-entrega-de-premios-de-la-edicion-2021-d-1.png","articleSection":["Nouveautes"],"inLanguage":"fr-FR"},{"@type":"WebPage","@id":"https:\/\/native-s.com\/fr\/grande-finale-et-remise-des-prix-du-nazaret-cuida-challenge-edition-2021\/","url":"https:\/\/native-s.com\/fr\/grande-finale-et-remise-des-prix-du-nazaret-cuida-challenge-edition-2021\/","name":"Grande finale et remise des prix du Nazaret Cuida Challenge Edition 2021 &#171; NATIVES","isPartOf":{"@id":"https:\/\/native-s.com\/fr\/#website"},"primaryImageOfPage":{"@id":"https:\/\/native-s.com\/fr\/grande-finale-et-remise-des-prix-du-nazaret-cuida-challenge-edition-2021\/#primaryimage"},"image":{"@id":"https:\/\/native-s.com\/fr\/grande-finale-et-remise-des-prix-du-nazaret-cuida-challenge-edition-2021\/#primaryimage"},"thumbnailUrl":"https:\/\/native-s.com\/wp-content\/uploads\/2021\/06\/evento-final-de-entrega-de-premios-de-la-edicion-2021-d-1.png","datePublished":"2021-06-03T16:52:42+00:00","dateModified":"2021-06-03T16:54:29+00:00","breadcrumb":{"@id":"https:\/\/native-s.com\/fr\/grande-finale-et-remise-des-prix-du-nazaret-cuida-challenge-edition-2021\/#breadcrumb"},"inLanguage":"fr-FR","potentialAction":[{"@type":"ReadAction","target":["https:\/\/native-s.com\/fr\/grande-finale-et-remise-des-prix-du-nazaret-cuida-challenge-edition-2021\/"]}]},{"@type":"ImageObject","inLanguage":"fr-FR","@id":"https:\/\/native-s.com\/fr\/grande-finale-et-remise-des-prix-du-nazaret-cuida-challenge-edition-2021\/#primaryimage","url":"https:\/\/native-s.com\/wp-content\/uploads\/2021\/06\/evento-final-de-entrega-de-premios-de-la-edicion-2021-d-1.png","contentUrl":"https:\/\/native-s.com\/wp-content\/uploads\/2021\/06\/evento-final-de-entrega-de-premios-de-la-edicion-2021-d-1.png","width":608,"height":456,"caption":"Grande finale et remise des prix du Nazaret Cuida Challenge Edition 2021"},{"@type":"BreadcrumbList","@id":"https:\/\/native-s.com\/fr\/grande-finale-et-remise-des-prix-du-nazaret-cuida-challenge-edition-2021\/#breadcrumb","itemListElement":[{"@type":"ListItem","position":1,"name":"Portada","item":"https:\/\/native-s.com\/fr\/"},{"@type":"ListItem","position":2,"name":"Grande finale et remise des prix du Nazaret Cuida Challenge Edition 2021"}]},{"@type":"WebSite","@id":"https:\/\/native-s.com\/fr\/#website","url":"https:\/\/native-s.com\/fr\/","name":"NATIVES","description":"La Plataforma que permite a la Educaci\u00f3n cambiar el Mundo","publisher":{"@id":"https:\/\/native-s.com\/fr\/#organization"},"potentialAction":[{"@type":"SearchAction","target":{"@type":"EntryPoint","urlTemplate":"https:\/\/native-s.com\/fr\/?s={search_term_string}"},"query-input":{"@type":"PropertyValueSpecification","valueRequired":true,"valueName":"search_term_string"}}],"inLanguage":"fr-FR"},{"@type":"Organization","@id":"https:\/\/native-s.com\/fr\/#organization","name":"Native-S","url":"https:\/\/native-s.com\/fr\/","logo":{"@type":"ImageObject","inLanguage":"fr-FR","@id":"https:\/\/native-s.com\/fr\/#\/schema\/logo\/image\/","url":"https:\/\/native-s.com\/wp-content\/uploads\/2020\/11\/natives-logo.png","contentUrl":"https:\/\/native-s.com\/wp-content\/uploads\/2020\/11\/natives-logo.png","width":297,"height":75,"caption":"Native-S"},"image":{"@id":"https:\/\/native-s.com\/fr\/#\/schema\/logo\/image\/"}},{"@type":"Person","@id":"https:\/\/native-s.com\/fr\/#\/schema\/person\/3e571709a1617f47ee966934aba15171","name":"S\u00e9bastien Dalmas","image":{"@type":"ImageObject","inLanguage":"fr-FR","@id":"https:\/\/native-s.com\/fr\/#\/schema\/person\/image\/","url":"https:\/\/secure.gravatar.com\/avatar\/9406111a8fd463cd07a62d229fecdc03?s=96&d=mm&r=g","contentUrl":"https:\/\/secure.gravatar.com\/avatar\/9406111a8fd463cd07a62d229fecdc03?s=96&d=mm&r=g","caption":"S\u00e9bastien Dalmas"}}]}},"_links":{"self":[{"href":"https:\/\/native-s.com\/fr\/wp-json\/wp\/v2\/posts\/2382","targetHints":{"allow":["GET"]}}],"collection":[{"href":"https:\/\/native-s.com\/fr\/wp-json\/wp\/v2\/posts"}],"about":[{"href":"https:\/\/native-s.com\/fr\/wp-json\/wp\/v2\/types\/post"}],"author":[{"embeddable":true,"href":"https:\/\/native-s.com\/fr\/wp-json\/wp\/v2\/users\/2"}],"replies":[{"embeddable":true,"href":"https:\/\/native-s.com\/fr\/wp-json\/wp\/v2\/comments?post=2382"}],"version-history":[{"count":4,"href":"https:\/\/native-s.com\/fr\/wp-json\/wp\/v2\/posts\/2382\/revisions"}],"predecessor-version":[{"id":2386,"href":"https:\/\/native-s.com\/fr\/wp-json\/wp\/v2\/posts\/2382\/revisions\/2386"}],"wp:featuredmedia":[{"embeddable":true,"href":"https:\/\/native-s.com\/fr\/wp-json\/wp\/v2\/media\/2374"}],"wp:attachment":[{"href":"https:\/\/native-s.com\/fr\/wp-json\/wp\/v2\/media?parent=2382"}],"wp:term":[{"taxonomy":"category","embeddable":true,"href":"https:\/\/native-s.com\/fr\/wp-json\/wp\/v2\/categories?post=2382"},{"taxonomy":"post_tag","embeddable":true,"href":"https:\/\/native-s.com\/fr\/wp-json\/wp\/v2\/tags?post=2382"}],"curies":[{"name":"wp","href":"https:\/\/api.w.org\/{rel}","templated":true}]}}